{"id":11979,"date":"2020-09-07T09:14:36","date_gmt":"2020-09-07T09:14:36","guid":{"rendered":"https:\/\/kirchenburgen.org\/?p=11979"},"modified":"2020-09-07T09:17:00","modified_gmt":"2020-09-07T09:17:00","slug":"invitatie-la-expozitia-digitala-biserici-fortificate","status":"publish","type":"post","link":"https:\/\/kirchenburgen.org\/ro\/invitatie-la-expozitia-digitala-biserici-fortificate\/","title":{"rendered":"Invita\u021bie la expozi\u021bia digital\u0103 Biserici fortificate"},"content":{"rendered":"<p><strong>De c\u00e2teva s\u0103pt\u0103m\u00e2ni, expozi\u021bia itinerant\u0103 a Funda\u021biei Biserici Fortificate poate fi vizitat\u0103 \u0219i online. Acest lucru a fost f\u0103cut posibil print-o finan\u021bare din partea ministerului familei, muncii \u0219i afacerilor sociale din Bavaria.<\/strong><\/p>\n<p>Expozi\u021bia a fost elabora<a href=\"https:\/\/kirchenburgen.org\/wp-content\/uploads\/2020\/08\/Ausstellung.jpg\" rel=\"attachment wp-att-11972\"><img loading=\"lazy\" decoding=\"async\" class=\"alignleft wp-image-11972 size-medium\" src=\"https:\/\/kirchenburgen.org\/wp-content\/uploads\/2020\/08\/Ausstellung-214x300.jpg\" alt=\"Ausstellung\" width=\"214\" height=\"300\" srcset=\"https:\/\/kirchenburgen.org\/wp-content\/uploads\/2020\/08\/Ausstellung-214x300.jpg 214w, https:\/\/kirchenburgen.org\/wp-content\/uploads\/2020\/08\/Ausstellung.jpg 458w\" sizes=\"auto, (max-width: 214px) 100vw, 214px\" \/><\/a>t\u0103 \u00een urm\u0103 cu circa cinci ani de c\u0103tre Funda\u021bia Biserici Fortificate \u00een colaborare cu Universitatea Tehnic\u0103 din Berlin, Forumul Cultural German pentru Europa de Est \u0219i Biserica Evanghelic\u0103 C.A. din Rom\u00e2nia. Expozi\u021bia a fost ar\u0103tat\u0103 \u00een 20 de ora\u0219e din trei state.<\/p>\n<p>La \u00eenceputul anului 2020, expozi\u021bia a fost actualizat\u0103. Din cauza pandemiei \u0219i a restric\u021biilor intrate \u00een vigoare \u00een multe \u021b\u0103ri, expozi\u021bia nu a mai putut fi ar\u0103tat\u0103, iar prezent\u0103rile planificate au fost am\u00e2nate pe termen nedeterminat.<\/p>\n<p>Din acest motiv, Funda\u021bia Biserici Fortificate a apelat la canalele digitale. \u00cen cooperare cu Haus des Deutschen Ostens din M\u00fcnchen \u0219i guvernul bavarez, con\u021binutul expozi\u021biei a fost adaptat pentru a fi prezentat online. Din iulie, aceasta poate fi accesat\u0103 \u00een trei limbi pe <a href=\"https:\/\/exhibition.kirchenburgen.org\/ro\/\" target=\"_blank\">site-ul<\/a> Funda\u021biei Biserici Fortificate.<\/p>\n<p><strong>\u00a0<\/strong><\/p>\n<p><a href=\"https:\/\/kirchenburgen.org\/wp-content\/uploads\/2020\/08\/Logos-Ausstellung.jpg\" rel=\"attachment wp-att-11975\"><img loading=\"lazy\" decoding=\"async\" class=\"aligncenter size-full wp-image-11975\" src=\"https:\/\/kirchenburgen.org\/wp-content\/uploads\/2020\/08\/Logos-Ausstellung.jpg\" alt=\"Logos Ausstellung\" width=\"994\" height=\"165\" srcset=\"https:\/\/kirchenburgen.org\/wp-content\/uploads\/2020\/08\/Logos-Ausstellung.jpg 994w, https:\/\/kirchenburgen.org\/wp-content\/uploads\/2020\/08\/Logos-Ausstellung-300x50.jpg 300w\" sizes=\"auto, (max-width: 994px) 100vw, 994px\" \/><\/a><\/p>\n","protected":false},"excerpt":{"rendered":"<p>De c\u00e2teva s\u0103pt\u0103m\u00e2ni, expozi\u021bia itinerant\u0103 a Funda\u021biei Biserici Fortificate poate fi vizitat\u0103 \u0219i online. Acest lucru a fost f\u0103cut posibil print-o finan\u021bare din partea ministerului familei, muncii \u0219i afacerilor sociale din Bavaria. Expozi\u021bia a fost elaborat\u0103 \u00een urm\u0103 cu circa cinci ani de c\u0103tre Funda\u021bia Biserici Fortificate \u00een colaborare cu Universitatea Tehnic\u0103 din Berlin, Forumul [&hellip;]<\/p>\n","protected":false},"author":5,"featured_media":11745,"comment_status":"closed","ping_status":"open","sticky":false,"template":"","format":"standard","meta":{"_acf_changed":false,"footnotes":""},"categories":[45,12,50,46,71,73,51],"tags":[],"class_list":{"0":"post-11979","1":"post","2":"type-post","3":"status-publish","4":"format-standard","5":"has-post-thumbnail","7":"category-biserici-fortificate","8":"category-evenimente-toate-stirile","9":"category-expozitie","10":"category-fundatia","11":"category-presamedia","12":"category-pressemedia-ro","13":"category-toate-stirile","14":"czr-hentry"},"acf":[],"_links":{"self":[{"href":"https:\/\/kirchenburgen.org\/ro\/wp-json\/wp\/v2\/posts\/11979","targetHints":{"allow":["GET"]}}],"collection":[{"href":"https:\/\/kirchenburgen.org\/ro\/wp-json\/wp\/v2\/posts"}],"about":[{"href":"https:\/\/kirchenburgen.org\/ro\/wp-json\/wp\/v2\/types\/post"}],"author":[{"embeddable":true,"href":"https:\/\/kirchenburgen.org\/ro\/wp-json\/wp\/v2\/users\/5"}],"replies":[{"embeddable":true,"href":"https:\/\/kirchenburgen.org\/ro\/wp-json\/wp\/v2\/comments?post=11979"}],"version-history":[{"count":1,"href":"https:\/\/kirchenburgen.org\/ro\/wp-json\/wp\/v2\/posts\/11979\/revisions"}],"predecessor-version":[{"id":11980,"href":"https:\/\/kirchenburgen.org\/ro\/wp-json\/wp\/v2\/posts\/11979\/revisions\/11980"}],"wp:featuredmedia":[{"embeddable":true,"href":"https:\/\/kirchenburgen.org\/ro\/wp-json\/wp\/v2\/media\/11745"}],"wp:attachment":[{"href":"https:\/\/kirchenburgen.org\/ro\/wp-json\/wp\/v2\/media?parent=11979"}],"wp:term":[{"taxonomy":"category","embeddable":true,"href":"https:\/\/kirchenburgen.org\/ro\/wp-json\/wp\/v2\/categories?post=11979"},{"taxonomy":"post_tag","embeddable":true,"href":"https:\/\/kirchenburgen.org\/ro\/wp-json\/wp\/v2\/tags?post=11979"}],"curies":[{"name":"wp","href":"https:\/\/api.w.org\/{rel}","templated":true}]}}