{"id":13730,"date":"2021-06-27T14:05:49","date_gmt":"2021-06-27T14:05:49","guid":{"rendered":"https:\/\/kirchenburgen.org\/baustelleneroeffnung-an-der-scharoscher-jakobuskirche\/"},"modified":"2022-03-18T07:48:50","modified_gmt":"2022-03-18T07:48:50","slug":"baustelleneroeffnung-an-der-scharoscher-jakobuskirche","status":"publish","type":"post","link":"https:\/\/kirchenburgen.org\/ro\/baustelleneroeffnung-an-der-scharoscher-jakobuskirche\/","title":{"rendered":"Deschiderea \u0219antierului de construc\u021bie a Bisericii Sf\u00e2ntul Iacob din \u0218oar\u0219"},"content":{"rendered":"<p><strong>Pe un 23 iunie 2021 extrem de \u00eensorit \u0219i de cald, reprezentan\u021bi ai Bisericii Evanghelice, ai autorit\u0103\u021bilor culturale rom\u00e2ne \u0219i exper\u021bi din domeniul construc\u021biilor s-au \u00eent\u00e2lnit \u00een cadrul unei \u0219edin\u021be de \u0219antier la Biserica Sf\u00e2ntul Iacob de \u0218oar\u0219 de l\u00e2ng\u0103 Forgarash. Lucr\u0103rile la fa\u021bada bisericii fortificate, planificate de ceva timp, pot \u00eencepe acum \u0219i urmeaz\u0103 s\u0103 fie finalizate p\u00e2n\u0103 la sf\u00e2r\u0219itul anului.<\/strong><\/p>\n<p>Deschiderea oficial\u0103 a \u0219antierului de la biserica \u0218oar\u0219 de l\u00e2ng\u0103 F\u0103g\u0103ra\u0219 a avut loc la timp pentru a preg\u0103ti s\u0103rb\u0103toarea Zilei Sf\u00e2ntului Iacob (25 iulie este Ziua Sf\u00e2ntului Iacob \u00een bisericile protestante \u0219i catolice). Printre cei prezen\u021bi s-au num\u0103rat administratorul Bruno Erc\u0103u (reprezent\u00e2nd Asocia\u021bia Parohial\u0103 Fogarasch a Bisericii Evanghelice), arhitectul Hora\u021biu Vasilescu (Oficiul Jude\u021bean pentru Cultur\u0103 Bra\u0219ov), arhitectul Ioan Bucur, dirigintele de \u0219antier Mihail Gotsman, antreprenorul Dan Homorozean, precum \u0219i Ecaterina G\u00e1l \u0219i Sebastian Bethge de la Funda\u021bia Biserici Fortificate.<\/p>\n<p><img loading=\"lazy\" decoding=\"async\" class=\"alignleft wp-image-12565 \" src=\"https:\/\/kirchenburgen.org\/wp-content\/uploads\/2021\/06\/DSC_2468-300x200.jpg\" alt=\"\" width=\"390\" height=\"260\" \/><\/p>\n<p>Lucr\u0103ri ample la fa\u021bada naosului sunt programate pentru s\u0103pt\u0103m\u00e2nile urm\u0103toare. Este vorba, \u00een primul r\u00e2nd, de repara\u021bii, \u00eentre\u021binere \u0219i restaur\u0103ri individuale, pentru care, de exemplu, vor fi \u00eendep\u0103rtate elementele de beton care au fost instalate \u00een ultimele decenii cu bune inten\u021bii, dar care, pe termen lung, sunt foarte d\u0103un\u0103toare pentru structura cl\u0103dirii. Se preconizeaz\u0103 c\u0103 lucr\u0103rile vor fi finalizate \u00een toamna anului 2021. Funda\u021bia Biserici Fortificate va oferi sprijin tehnic pe toat\u0103 perioada construc\u021biei. \u00cen plus, Asocia\u021bia Municipalit\u0103\u021bilor din F\u0103g\u0103ra\u0219 va finan\u021ba, de asemenea, supravegherea construc\u021biei pentru a controla \u00een mod regulat lucr\u0103rile.<\/p>\n<p><img loading=\"lazy\" decoding=\"async\" class=\"alignright wp-image-12568 size-medium\" src=\"https:\/\/kirchenburgen.org\/wp-content\/uploads\/2021\/06\/DSC_2470-200x300.jpg\" alt=\"\" width=\"200\" height=\"300\" \/><\/p>\n<p>Costurile interven\u021biilor se ridic\u0103 la 45.000 de euro. Bugetul este alc\u0103tuit \u00een \u00eentregime din dona\u021bii, pe care Ursula Hummes, pre\u0219edinta de comunitatea sa\u0219ilor din \u0218oar\u0219 (HOG) le-a colectat de la sa\u0219ii emigra\u021bi din \u0218oar\u0219 \u0219i mul\u021bi oameni pasiona\u021bi de pratrimoniul cultural \u0219i istoric , ea \u00eens\u0103\u0219i contribuind de asemenea o sum\u0103 important\u0103 de bani \u00een a unifica eforturile comunit\u0103\u021bii locale \u0219i a celei din Germania.<\/p>\n<p><img loading=\"lazy\" decoding=\"async\" class=\"alignleft wp-image-12576 size-medium\" src=\"https:\/\/kirchenburgen.org\/wp-content\/uploads\/2021\/06\/DSC_2459-300x200.jpg\" alt=\"\" width=\"300\" height=\"200\" \/><\/p>\n<p><strong>Angajamentul pasionat al HOG<\/strong><\/p>\n<p>Sebastian Bethge, consultant pentru conservarea monumentelor din cadrul Funda\u021biei Bisericilor Fortificate, este entuziasmat de cooperarea cu HOG-ul din \u0218oar\u0219: &#8222;\u00cen ultimii ani, doamna Hummes nu numai c\u0103 a fost o for\u021b\u0103 motoare \u0219i implicat\u0103 cu pasiunea \u00een toate activit\u0103\u021bile, dar a dat dovad\u0103 \u0219i de mult\u0103 r\u0103bdare! Acest lucru nu poate fi luat ca atare, mai ales c\u00e2nd, ob\u021binerea autoriza\u021biilor necesare pentru astfel de proiecte de construc\u021bie necesit\u0103 foarte mult timp.&#8221; Deja de c\u00e2\u021biva ani, HOG -ul s-a implicat foarte mult \u00een ceea ce prive\u0219te salvarea Bisericii Sf\u00e2ntul Iacob: la ini\u021biativa pre\u0219edintei Ursula Hummes, Funda\u021bia Biserici Fortificate a preg\u0103tit \u00een 2015 o prim\u0103 expertiz\u0103 sumar\u0103 \u0219i a putut efectua \u00een 2017 lucr\u0103ri de repara\u021bii ample la acoperi\u0219ul bisericii.<\/p>\n<p>Biserica protestant\u0103 din \u0218oar\u0219 este o biseric\u0103 gotic\u0103 de tip sal\u0103, care dateaz\u0103 de la mijlocul secolului al XV-lea \u0219i a fost transformat\u0103 \u00eentr-o biseric\u0103 fortificat\u0103 \u00een 1690. Abia la \u00eenceputul secolului al XX-lea, zidul de incint\u0103 \u0219i cele \u0219ase turnuri de ap\u0103rare au fost demontate. R\u0103m\u0103\u0219i\u021bele, cum ar fi cl\u0103direa fortificat\u0103 din zona sudic\u0103, care a fost folosit\u0103 ca depozit, au fost p\u0103strate p\u00e2n\u0103 \u00een prezent \u0219i fac din ansamblul bisericii fortificate din \u0218aro\u0219, o destina\u021bie unic\u0103 cu o caracteristic\u0103 arhitectural\u0103 special\u0103 \u00een regiunea F\u0103g\u0103ra\u0219.<\/p>\n<p><img loading=\"lazy\" decoding=\"async\" class=\"aligncenter wp-image-12562 size-full\" src=\"https:\/\/kirchenburgen.org\/wp-content\/uploads\/2021\/06\/DSC_2436.jpg\" alt=\"\" width=\"1000\" height=\"667\" \/><\/p>\n","protected":false},"excerpt":{"rendered":"<p>Pe un 23 iunie 2021 extrem de \u00eensorit \u0219i de cald, reprezentan\u021bi ai Bisericii Evanghelice, ai autorit\u0103\u021bilor culturale rom\u00e2ne \u0219i exper\u021bi din domeniul construc\u021biilor s-au \u00eent\u00e2lnit \u00een cadrul unei \u0219edin\u021be de \u0219antier la Biserica Sf\u00e2ntul Iacob de \u0218oar\u0219 de l\u00e2ng\u0103 Forgarash. Lucr\u0103rile la fa\u021bada bisericii fortificate, planificate de ceva timp, pot \u00eencepe acum \u0219i urmeaz\u0103 [&hellip;]<\/p>\n","protected":false},"author":5,"featured_media":13727,"comment_status":"closed","ping_status":"open","sticky":false,"template":"","format":"standard","meta":{"_acf_changed":false,"footnotes":""},"categories":[45,65,46,51],"tags":[],"class_list":{"0":"post-13730","1":"post","2":"type-post","3":"status-publish","4":"format-standard","5":"has-post-thumbnail","7":"category-biserici-fortificate","8":"category-conservarea","9":"category-fundatia","10":"category-toate-stirile","11":"czr-hentry"},"acf":[],"_links":{"self":[{"href":"https:\/\/kirchenburgen.org\/ro\/wp-json\/wp\/v2\/posts\/13730","targetHints":{"allow":["GET"]}}],"collection":[{"href":"https:\/\/kirchenburgen.org\/ro\/wp-json\/wp\/v2\/posts"}],"about":[{"href":"https:\/\/kirchenburgen.org\/ro\/wp-json\/wp\/v2\/types\/post"}],"author":[{"embeddable":true,"href":"https:\/\/kirchenburgen.org\/ro\/wp-json\/wp\/v2\/users\/5"}],"replies":[{"embeddable":true,"href":"https:\/\/kirchenburgen.org\/ro\/wp-json\/wp\/v2\/comments?post=13730"}],"version-history":[{"count":2,"href":"https:\/\/kirchenburgen.org\/ro\/wp-json\/wp\/v2\/posts\/13730\/revisions"}],"predecessor-version":[{"id":13734,"href":"https:\/\/kirchenburgen.org\/ro\/wp-json\/wp\/v2\/posts\/13730\/revisions\/13734"}],"wp:featuredmedia":[{"embeddable":true,"href":"https:\/\/kirchenburgen.org\/ro\/wp-json\/wp\/v2\/media\/13727"}],"wp:attachment":[{"href":"https:\/\/kirchenburgen.org\/ro\/wp-json\/wp\/v2\/media?parent=13730"}],"wp:term":[{"taxonomy":"category","embeddable":true,"href":"https:\/\/kirchenburgen.org\/ro\/wp-json\/wp\/v2\/categories?post=13730"},{"taxonomy":"post_tag","embeddable":true,"href":"https:\/\/kirchenburgen.org\/ro\/wp-json\/wp\/v2\/tags?post=13730"}],"curies":[{"name":"wp","href":"https:\/\/api.w.org\/{rel}","templated":true}]}}