{"id":17948,"date":"2023-05-04T08:36:52","date_gmt":"2023-05-04T08:36:52","guid":{"rendered":"https:\/\/kirchenburgen.org\/sek-die-achte\/"},"modified":"2023-09-18T09:53:55","modified_gmt":"2023-09-18T09:53:55","slug":"sek-die-achte","status":"publish","type":"post","link":"https:\/\/kirchenburgen.org\/ro\/sek-die-achte\/","title":{"rendered":"SEK, edi\u021bia a 8-a"},"content":{"rendered":"<p><strong>Studen\u021bii din ultimul an al programului de masterat Protec\u021bia patrimoniului cultural european (SEK) al <a href=\"https:\/\/study.europa-uni.de\/de\/kuwi\/master\/MSEK\/index.html\" target=\"_blank\" rel=\"noopener\">Universit\u0103\u021bii Europene Viadrina<\/a> din Frankfurt\/Oder a fost \u00eentr-o excursie de o s\u0103pt\u0103m\u00e2n\u0103 prin bisericile fortificate la sf\u00e2r\u0219itul lunii aprilie 2023. Aceasta a fost cea de-a opta excursie educa\u021bional\u0103 de p\u00e2n\u0103 acum, pe care studen\u021bii SEK au \u00eentreprins-o prin Transilvania.<\/strong><\/p>\n<figure id=\"attachment_17943\" aria-describedby=\"caption-attachment-17943\" style=\"width: 1024px\" class=\"wp-caption aligncenter\"><a href=\"https:\/\/kirchenburgen.org\/wp-content\/uploads\/2023\/05\/05_SEK-Exkursion28-scaled.jpg\"><img loading=\"lazy\" decoding=\"async\" class=\"wp-image-17943 size-large\" src=\"https:\/\/kirchenburgen.org\/wp-content\/uploads\/2023\/05\/05_SEK-Exkursion28-1024x768.jpg\" alt=\"\" width=\"1024\" height=\"768\" srcset=\"https:\/\/kirchenburgen.org\/wp-content\/uploads\/2023\/05\/05_SEK-Exkursion28-1024x768.jpg 1024w, https:\/\/kirchenburgen.org\/wp-content\/uploads\/2023\/05\/05_SEK-Exkursion28-300x225.jpg 300w, https:\/\/kirchenburgen.org\/wp-content\/uploads\/2023\/05\/05_SEK-Exkursion28-1536x1152.jpg 1536w, https:\/\/kirchenburgen.org\/wp-content\/uploads\/2023\/05\/05_SEK-Exkursion28-2048x1536.jpg 2048w\" sizes=\"auto, (max-width: 1024px) 100vw, 1024px\" \/><\/a><figcaption id=\"caption-attachment-17943\" class=\"wp-caption-text\">Prof. Dr. Thorsten Albrecht, Julia Brandt, Magdalena Roepke, Puppe mit Tracht, Helga Lutsch (HOG Agnetheln), Anna Dejewska, Cristina Urucu, Magdalena Abraham-Diefenbach, Ruth Istvan (de la st\u00e2nga la dreapta)<\/figcaption><\/figure>\n<p>Dup\u0103 o \u00eentrerupere din cauza pandemiei, absolven\u021bii de masterat \u00eenso\u021bi\u021bi de Thorsten Albrecht (profesor onorific al Facult\u0103\u021bii de Conservare de la HAWK Hildesheim, referent de art\u0103 al Bisericii Regionale din Hanovra) au vizitat din nou Rom\u00e2nia \u00een acest an. Ruth Istv\u00e1n din echipa Funda\u021biei Biserici Fortificate a organizat \u0219i coordonat c\u0103l\u0103toria de specialitate. La \u00eenceputul c\u0103l\u0103toriei de studiu, pe ordinea de zi s-a aflat capitala Bucure\u0219ti, cu bogata sa ofert\u0103 arhitectural\u0103, pentru ca \u00een final s\u0103 se \u00eendrepte spre nord, spre peisajul bisericilor fortificate &#8211; destina\u021bia efectiv\u0103 a grupului.<\/p>\n<p><strong>Excursie de specialitate cu program intens<\/strong><\/p>\n<p>Pe l\u00e2ng\u0103 ora\u0219ele Sibiu, Bra\u0219ov, Media\u0219 \u0219i Sighi\u0219oara, studen\u021bii SEK au vizitat bisericile fortificate din Biertan, Viscri, Cristian, Hosman, H\u0103rman, Curciu, M\u0103l\u00e2ncrav, Cisn\u0103dioara, Apold \u0219i Vulcan din \u021aara B\u00e2rsei. La fa\u021ba locului, participan\u021bii au avut posibilitatea de a discuta despre activitatea \u0219i provoc\u0103rile lor cu, printre al\u021bii, actori din domeniul conserv\u0103rii monumentelor, arhitec\u021bi, istorici de art\u0103, preo\u021bi \u0219i persoane din domeniul turismului cultural.<\/p>\n<div id='gallery-1' class='czr-gallery row flex-row czr-gallery-style gallery galleryid-17948 gallery-columns-5 gallery-size-thumbnail'><figure class='gallery-item col col-auto'>\r\n                        <div class='gallery-icon portrait czr-gallery-icon'>\r\n                              <a data-lb-type=\"grouped-gallery\" title=\"Bucure\u0219ti \/ Bukarest\" href=https:\/\/kirchenburgen.org\/wp-content\/uploads\/2023\/05\/05_SEK-Exkursion-1-scaled.jpg class=\"bg-link\"><\/a><img loading=\"lazy\" decoding=\"async\" width=\"150\" height=\"150\" src=\"https:\/\/kirchenburgen.org\/wp-content\/uploads\/2023\/05\/05_SEK-Exkursion-1-150x150.jpg\" class=\"attachment-thumbnail size-thumbnail\" alt=\"\" sizes=\"auto, (min-width: 1200px) 141px, (min-width: 992px) 114px, (min-width: 768px) 78px, (min-width: 576px) 105px, calc( 50vw - 30px )\" aria-describedby=\"gallery-1-17859\" srcset=\"https:\/\/kirchenburgen.org\/wp-content\/uploads\/2023\/05\/05_SEK-Exkursion-1-150x150.jpg 150w, https:\/\/kirchenburgen.org\/wp-content\/uploads\/2023\/05\/05_SEK-Exkursion-1-510x510.jpg 510w\" \/>\r\n                        <\/div>\r\n                              <figcaption class='wp-caption-text gallery-caption' id='gallery-1-17859'>\r\n                              Bucure\u0219ti \/ Bukarest\r\n                              <\/figcaption><\/figure><figure class='gallery-item col col-auto'>\r\n                        <div class='gallery-icon landscape czr-gallery-icon'>\r\n                              <a data-lb-type=\"grouped-gallery\" title=\"Bucure\u0219ti \/ Bukarest\" href=https:\/\/kirchenburgen.org\/wp-content\/uploads\/2023\/05\/05_SEK-Exkursion-2-scaled.jpg class=\"bg-link\"><\/a><img loading=\"lazy\" decoding=\"async\" width=\"150\" height=\"150\" src=\"https:\/\/kirchenburgen.org\/wp-content\/uploads\/2023\/05\/05_SEK-Exkursion-2-150x150.jpg\" class=\"attachment-thumbnail size-thumbnail\" alt=\"\" sizes=\"auto, (min-width: 1200px) 141px, (min-width: 992px) 114px, (min-width: 768px) 78px, (min-width: 576px) 105px, calc( 50vw - 30px )\" aria-describedby=\"gallery-1-17862\" srcset=\"https:\/\/kirchenburgen.org\/wp-content\/uploads\/2023\/05\/05_SEK-Exkursion-2-150x150.jpg 150w, https:\/\/kirchenburgen.org\/wp-content\/uploads\/2023\/05\/05_SEK-Exkursion-2-510x510.jpg 510w\" \/>\r\n                        <\/div>\r\n                              <figcaption class='wp-caption-text gallery-caption' id='gallery-1-17862'>\r\n                              Bucure\u0219ti \/ Bukarest\r\n                              <\/figcaption><\/figure><figure class='gallery-item col col-auto'>\r\n                        <div class='gallery-icon landscape czr-gallery-icon'>\r\n                              <a data-lb-type=\"grouped-gallery\" title=\"Pele\u0219\" href=https:\/\/kirchenburgen.org\/wp-content\/uploads\/2023\/05\/05_SEK-Exkursion-3-scaled.jpg class=\"bg-link\"><\/a><img loading=\"lazy\" decoding=\"async\" width=\"150\" height=\"150\" src=\"https:\/\/kirchenburgen.org\/wp-content\/uploads\/2023\/05\/05_SEK-Exkursion-3-150x150.jpg\" class=\"attachment-thumbnail size-thumbnail\" alt=\"\" sizes=\"auto, (min-width: 1200px) 141px, (min-width: 992px) 114px, (min-width: 768px) 78px, (min-width: 576px) 105px, calc( 50vw - 30px )\" aria-describedby=\"gallery-1-17865\" srcset=\"https:\/\/kirchenburgen.org\/wp-content\/uploads\/2023\/05\/05_SEK-Exkursion-3-150x150.jpg 150w, https:\/\/kirchenburgen.org\/wp-content\/uploads\/2023\/05\/05_SEK-Exkursion-3-510x510.jpg 510w\" \/>\r\n                        <\/div>\r\n                              <figcaption class='wp-caption-text gallery-caption' id='gallery-1-17865'>\r\n                              Pele\u0219\r\n                              <\/figcaption><\/figure><figure class='gallery-item col col-auto'>\r\n                        <div class='gallery-icon landscape czr-gallery-icon'>\r\n                              <a data-lb-type=\"grouped-gallery\" title=\"Vulcan \/ Wolkendorf\" href=https:\/\/kirchenburgen.org\/wp-content\/uploads\/2023\/05\/05_SEK-Exkursion-4-scaled.jpg class=\"bg-link\"><\/a><img loading=\"lazy\" decoding=\"async\" width=\"150\" height=\"150\" src=\"https:\/\/kirchenburgen.org\/wp-content\/uploads\/2023\/05\/05_SEK-Exkursion-4-150x150.jpg\" class=\"attachment-thumbnail size-thumbnail\" alt=\"\" sizes=\"auto, (min-width: 1200px) 141px, (min-width: 992px) 114px, (min-width: 768px) 78px, (min-width: 576px) 105px, calc( 50vw - 30px )\" aria-describedby=\"gallery-1-17868\" srcset=\"https:\/\/kirchenburgen.org\/wp-content\/uploads\/2023\/05\/05_SEK-Exkursion-4-150x150.jpg 150w, https:\/\/kirchenburgen.org\/wp-content\/uploads\/2023\/05\/05_SEK-Exkursion-4-510x510.jpg 510w\" \/>\r\n                        <\/div>\r\n                              <figcaption class='wp-caption-text gallery-caption' id='gallery-1-17868'>\r\n                              Vulcan \/ Wolkendorf\r\n                              <\/figcaption><\/figure><figure class='gallery-item col col-auto'>\r\n                        <div class='gallery-icon portrait czr-gallery-icon'>\r\n                              <a data-lb-type=\"grouped-gallery\" title=\"H\u0103rman \/ Honigberg\" href=https:\/\/kirchenburgen.org\/wp-content\/uploads\/2023\/05\/05_SEK-Exkursion-5-scaled.jpg class=\"bg-link\"><\/a><img loading=\"lazy\" decoding=\"async\" width=\"150\" height=\"150\" src=\"https:\/\/kirchenburgen.org\/wp-content\/uploads\/2023\/05\/05_SEK-Exkursion-5-150x150.jpg\" class=\"attachment-thumbnail size-thumbnail\" alt=\"\" sizes=\"auto, (min-width: 1200px) 141px, (min-width: 992px) 114px, (min-width: 768px) 78px, (min-width: 576px) 105px, calc( 50vw - 30px )\" aria-describedby=\"gallery-1-17871\" srcset=\"https:\/\/kirchenburgen.org\/wp-content\/uploads\/2023\/05\/05_SEK-Exkursion-5-150x150.jpg 150w, https:\/\/kirchenburgen.org\/wp-content\/uploads\/2023\/05\/05_SEK-Exkursion-5-510x510.jpg 510w\" \/>\r\n                        <\/div>\r\n                              <figcaption class='wp-caption-text gallery-caption' id='gallery-1-17871'>\r\n                              H\u0103rman \/ Honigberg\r\n                              <\/figcaption><\/figure><figure class='gallery-item col col-auto'>\r\n                        <div class='gallery-icon landscape czr-gallery-icon'>\r\n                              <a data-lb-type=\"grouped-gallery\" title=\"Biserica Neagr\u0103 \/ Schwarze Kirche\" href=https:\/\/kirchenburgen.org\/wp-content\/uploads\/2023\/05\/05_SEK-Exkursion-6-scaled.jpg class=\"bg-link\"><\/a><img loading=\"lazy\" decoding=\"async\" width=\"150\" height=\"150\" src=\"https:\/\/kirchenburgen.org\/wp-content\/uploads\/2023\/05\/05_SEK-Exkursion-6-150x150.jpg\" class=\"attachment-thumbnail size-thumbnail\" alt=\"\" sizes=\"auto, (min-width: 1200px) 141px, (min-width: 992px) 114px, (min-width: 768px) 78px, (min-width: 576px) 105px, calc( 50vw - 30px )\" aria-describedby=\"gallery-1-17874\" srcset=\"https:\/\/kirchenburgen.org\/wp-content\/uploads\/2023\/05\/05_SEK-Exkursion-6-150x150.jpg 150w, https:\/\/kirchenburgen.org\/wp-content\/uploads\/2023\/05\/05_SEK-Exkursion-6-510x510.jpg 510w\" \/>\r\n                        <\/div>\r\n                              <figcaption class='wp-caption-text gallery-caption' id='gallery-1-17874'>\r\n                              Biserica Neagr\u0103 \/ Schwarze Kirche\r\n                              <\/figcaption><\/figure><figure class='gallery-item col col-auto'>\r\n                        <div class='gallery-icon landscape czr-gallery-icon'>\r\n                              <a data-lb-type=\"grouped-gallery\" title=\"Viscri \/ Deutsch-Weisskirch\" href=https:\/\/kirchenburgen.org\/wp-content\/uploads\/2023\/05\/05_SEK-Exkursion-7-scaled.jpg class=\"bg-link\"><\/a><img loading=\"lazy\" decoding=\"async\" width=\"150\" height=\"150\" src=\"https:\/\/kirchenburgen.org\/wp-content\/uploads\/2023\/05\/05_SEK-Exkursion-7-150x150.jpg\" class=\"attachment-thumbnail size-thumbnail\" alt=\"\" sizes=\"auto, (min-width: 1200px) 141px, (min-width: 992px) 114px, (min-width: 768px) 78px, (min-width: 576px) 105px, calc( 50vw - 30px )\" aria-describedby=\"gallery-1-17877\" srcset=\"https:\/\/kirchenburgen.org\/wp-content\/uploads\/2023\/05\/05_SEK-Exkursion-7-150x150.jpg 150w, https:\/\/kirchenburgen.org\/wp-content\/uploads\/2023\/05\/05_SEK-Exkursion-7-510x510.jpg 510w\" \/>\r\n                        <\/div>\r\n                              <figcaption class='wp-caption-text gallery-caption' id='gallery-1-17877'>\r\n                              Viscri \/ Deutsch-Weisskirch\r\n                              <\/figcaption><\/figure><figure class='gallery-item col col-auto'>\r\n                        <div class='gallery-icon landscape czr-gallery-icon'>\r\n                              <a data-lb-type=\"grouped-gallery\" title=\"Sighi\u0219oara \/ Sch\u00e4\u00dfburg\" href=https:\/\/kirchenburgen.org\/wp-content\/uploads\/2023\/05\/05_SEK-Exkursion-8-scaled.jpg class=\"bg-link\"><\/a><img loading=\"lazy\" decoding=\"async\" width=\"150\" height=\"150\" src=\"https:\/\/kirchenburgen.org\/wp-content\/uploads\/2023\/05\/05_SEK-Exkursion-8-150x150.jpg\" class=\"attachment-thumbnail size-thumbnail\" alt=\"\" sizes=\"auto, (min-width: 1200px) 141px, (min-width: 992px) 114px, (min-width: 768px) 78px, (min-width: 576px) 105px, calc( 50vw - 30px )\" aria-describedby=\"gallery-1-17880\" srcset=\"https:\/\/kirchenburgen.org\/wp-content\/uploads\/2023\/05\/05_SEK-Exkursion-8-150x150.jpg 150w, https:\/\/kirchenburgen.org\/wp-content\/uploads\/2023\/05\/05_SEK-Exkursion-8-510x510.jpg 510w\" \/>\r\n                        <\/div>\r\n                              <figcaption class='wp-caption-text gallery-caption' id='gallery-1-17880'>\r\n                              Sighi\u0219oara \/ Sch\u00e4\u00dfburg\r\n                              <\/figcaption><\/figure><figure class='gallery-item col col-auto'>\r\n                        <div class='gallery-icon portrait czr-gallery-icon'>\r\n                              <a data-lb-type=\"grouped-gallery\" title=\"Apold \/ Trappol\" href=https:\/\/kirchenburgen.org\/wp-content\/uploads\/2023\/05\/05_SEK-Exkursion-12-scaled.jpg class=\"bg-link\"><\/a><img loading=\"lazy\" decoding=\"async\" width=\"150\" height=\"150\" src=\"https:\/\/kirchenburgen.org\/wp-content\/uploads\/2023\/05\/05_SEK-Exkursion-12-150x150.jpg\" class=\"attachment-thumbnail size-thumbnail\" alt=\"\" sizes=\"auto, (min-width: 1200px) 141px, (min-width: 992px) 114px, (min-width: 768px) 78px, (min-width: 576px) 105px, calc( 50vw - 30px )\" aria-describedby=\"gallery-1-17892\" srcset=\"https:\/\/kirchenburgen.org\/wp-content\/uploads\/2023\/05\/05_SEK-Exkursion-12-150x150.jpg 150w, https:\/\/kirchenburgen.org\/wp-content\/uploads\/2023\/05\/05_SEK-Exkursion-12-510x510.jpg 510w\" \/>\r\n                        <\/div>\r\n                              <figcaption class='wp-caption-text gallery-caption' id='gallery-1-17892'>\r\n                              Apold \/ Trappol\r\n                              <\/figcaption><\/figure><figure class='gallery-item col col-auto'>\r\n                        <div class='gallery-icon landscape czr-gallery-icon'>\r\n                              <a data-lb-type=\"grouped-gallery\" title=\"M\u0103l\u00e2ncrav \/ Malmkrog\" href=https:\/\/kirchenburgen.org\/wp-content\/uploads\/2023\/05\/05_SEK-Exkursion-15-scaled.jpg class=\"bg-link\"><\/a><img loading=\"lazy\" decoding=\"async\" width=\"150\" height=\"150\" src=\"https:\/\/kirchenburgen.org\/wp-content\/uploads\/2023\/05\/05_SEK-Exkursion-15-150x150.jpg\" class=\"attachment-thumbnail size-thumbnail\" alt=\"\" sizes=\"auto, (min-width: 1200px) 141px, (min-width: 992px) 114px, (min-width: 768px) 78px, (min-width: 576px) 105px, calc( 50vw - 30px )\" aria-describedby=\"gallery-1-17901\" srcset=\"https:\/\/kirchenburgen.org\/wp-content\/uploads\/2023\/05\/05_SEK-Exkursion-15-150x150.jpg 150w, https:\/\/kirchenburgen.org\/wp-content\/uploads\/2023\/05\/05_SEK-Exkursion-15-510x510.jpg 510w\" \/>\r\n                        <\/div>\r\n                              <figcaption class='wp-caption-text gallery-caption' id='gallery-1-17901'>\r\n                              M\u0103l\u00e2ncrav \/ Malmkrog\r\n                              <\/figcaption><\/figure><figure class='gallery-item col col-auto'>\r\n                        <div class='gallery-icon landscape czr-gallery-icon'>\r\n                              <a data-lb-type=\"grouped-gallery\" title=\"Sinagog\u0103 din Media\u0219 \/ Synagoge Mediasch\" href=https:\/\/kirchenburgen.org\/wp-content\/uploads\/2023\/05\/05_SEK-Exkursion-16-scaled.jpg class=\"bg-link\"><\/a><img loading=\"lazy\" decoding=\"async\" width=\"150\" height=\"150\" src=\"https:\/\/kirchenburgen.org\/wp-content\/uploads\/2023\/05\/05_SEK-Exkursion-16-150x150.jpg\" class=\"attachment-thumbnail size-thumbnail\" alt=\"\" sizes=\"auto, (min-width: 1200px) 141px, (min-width: 992px) 114px, (min-width: 768px) 78px, (min-width: 576px) 105px, calc( 50vw - 30px )\" aria-describedby=\"gallery-1-17904\" srcset=\"https:\/\/kirchenburgen.org\/wp-content\/uploads\/2023\/05\/05_SEK-Exkursion-16-150x150.jpg 150w, https:\/\/kirchenburgen.org\/wp-content\/uploads\/2023\/05\/05_SEK-Exkursion-16-510x510.jpg 510w\" \/>\r\n                        <\/div>\r\n                              <figcaption class='wp-caption-text gallery-caption' id='gallery-1-17904'>\r\n                              Sinagog\u0103 din Media\u0219 \/ Synagoge Mediasch\r\n                              <\/figcaption><\/figure><figure class='gallery-item col col-auto'>\r\n                        <div class='gallery-icon landscape czr-gallery-icon'>\r\n                              <a data-lb-type=\"grouped-gallery\" title=\"Media\u0219 \/ Mediasch\" href=https:\/\/kirchenburgen.org\/wp-content\/uploads\/2023\/05\/05_SEK-Exkursion-17-scaled.jpg class=\"bg-link\"><\/a><img loading=\"lazy\" decoding=\"async\" width=\"150\" height=\"150\" src=\"https:\/\/kirchenburgen.org\/wp-content\/uploads\/2023\/05\/05_SEK-Exkursion-17-150x150.jpg\" class=\"attachment-thumbnail size-thumbnail\" alt=\"\" sizes=\"auto, (min-width: 1200px) 141px, (min-width: 992px) 114px, (min-width: 768px) 78px, (min-width: 576px) 105px, calc( 50vw - 30px )\" aria-describedby=\"gallery-1-17907\" srcset=\"https:\/\/kirchenburgen.org\/wp-content\/uploads\/2023\/05\/05_SEK-Exkursion-17-150x150.jpg 150w, https:\/\/kirchenburgen.org\/wp-content\/uploads\/2023\/05\/05_SEK-Exkursion-17-510x510.jpg 510w\" \/>\r\n                        <\/div>\r\n                              <figcaption class='wp-caption-text gallery-caption' id='gallery-1-17907'>\r\n                              Media\u0219 \/ Mediasch\r\n                              <\/figcaption><\/figure><figure class='gallery-item col col-auto'>\r\n                        <div class='gallery-icon portrait czr-gallery-icon'>\r\n                              <a data-lb-type=\"grouped-gallery\" title=\"Curciu \/ Kirtsch\" href=https:\/\/kirchenburgen.org\/wp-content\/uploads\/2023\/05\/05_SEK-Exkursion-18-scaled.jpg class=\"bg-link\"><\/a><img loading=\"lazy\" decoding=\"async\" width=\"150\" height=\"150\" src=\"https:\/\/kirchenburgen.org\/wp-content\/uploads\/2023\/05\/05_SEK-Exkursion-18-150x150.jpg\" class=\"attachment-thumbnail size-thumbnail\" alt=\"\" sizes=\"auto, (min-width: 1200px) 141px, (min-width: 992px) 114px, (min-width: 768px) 78px, (min-width: 576px) 105px, calc( 50vw - 30px )\" aria-describedby=\"gallery-1-17910\" srcset=\"https:\/\/kirchenburgen.org\/wp-content\/uploads\/2023\/05\/05_SEK-Exkursion-18-150x150.jpg 150w, https:\/\/kirchenburgen.org\/wp-content\/uploads\/2023\/05\/05_SEK-Exkursion-18-510x510.jpg 510w\" \/>\r\n                        <\/div>\r\n                              <figcaption class='wp-caption-text gallery-caption' id='gallery-1-17910'>\r\n                              Curciu \/ Kirtsch\r\n                              <\/figcaption><\/figure><figure class='gallery-item col col-auto'>\r\n                        <div class='gallery-icon portrait czr-gallery-icon'>\r\n                              <a data-lb-type=\"grouped-gallery\" title=\"Biertan \/ Birth\u00e4lm\" href=https:\/\/kirchenburgen.org\/wp-content\/uploads\/2023\/05\/05_SEK-Exkursion-19-scaled.jpg class=\"bg-link\"><\/a><img loading=\"lazy\" decoding=\"async\" width=\"150\" height=\"150\" src=\"https:\/\/kirchenburgen.org\/wp-content\/uploads\/2023\/05\/05_SEK-Exkursion-19-150x150.jpg\" class=\"attachment-thumbnail size-thumbnail\" alt=\"\" sizes=\"auto, (min-width: 1200px) 141px, (min-width: 992px) 114px, (min-width: 768px) 78px, (min-width: 576px) 105px, calc( 50vw - 30px )\" aria-describedby=\"gallery-1-17913\" srcset=\"https:\/\/kirchenburgen.org\/wp-content\/uploads\/2023\/05\/05_SEK-Exkursion-19-150x150.jpg 150w, https:\/\/kirchenburgen.org\/wp-content\/uploads\/2023\/05\/05_SEK-Exkursion-19-510x510.jpg 510w\" \/>\r\n                        <\/div>\r\n                              <figcaption class='wp-caption-text gallery-caption' id='gallery-1-17913'>\r\n                              Biertan \/ Birth\u00e4lm\r\n                              <\/figcaption><\/figure><figure class='gallery-item col col-auto'>\r\n                        <div class='gallery-icon landscape czr-gallery-icon'>\r\n                              <a data-lb-type=\"grouped-gallery\" title=\"Pe drum \/ Unterwegs\" href=https:\/\/kirchenburgen.org\/wp-content\/uploads\/2023\/05\/05_SEK-Exkursion-20-scaled.jpg class=\"bg-link\"><\/a><img loading=\"lazy\" decoding=\"async\" width=\"150\" height=\"150\" src=\"https:\/\/kirchenburgen.org\/wp-content\/uploads\/2023\/05\/05_SEK-Exkursion-20-150x150.jpg\" class=\"attachment-thumbnail size-thumbnail\" alt=\"\" sizes=\"auto, (min-width: 1200px) 141px, (min-width: 992px) 114px, (min-width: 768px) 78px, (min-width: 576px) 105px, calc( 50vw - 30px )\" aria-describedby=\"gallery-1-17916\" srcset=\"https:\/\/kirchenburgen.org\/wp-content\/uploads\/2023\/05\/05_SEK-Exkursion-20-150x150.jpg 150w, https:\/\/kirchenburgen.org\/wp-content\/uploads\/2023\/05\/05_SEK-Exkursion-20-510x510.jpg 510w\" \/>\r\n                        <\/div>\r\n                              <figcaption class='wp-caption-text gallery-caption' id='gallery-1-17916'>\r\n                              Pe drum \/ Unterwegs\r\n                              <\/figcaption><\/figure><figure class='gallery-item col col-auto'>\r\n                        <div class='gallery-icon landscape czr-gallery-icon'>\r\n                              <a data-lb-type=\"grouped-gallery\" title=\"Sibiu \/ Hermannstadt\" href=https:\/\/kirchenburgen.org\/wp-content\/uploads\/2023\/05\/05_SEK-Exkursion-23-scaled.jpg class=\"bg-link\"><\/a><img loading=\"lazy\" decoding=\"async\" width=\"150\" height=\"150\" src=\"https:\/\/kirchenburgen.org\/wp-content\/uploads\/2023\/05\/05_SEK-Exkursion-23-150x150.jpg\" class=\"attachment-thumbnail size-thumbnail\" alt=\"\" sizes=\"auto, (min-width: 1200px) 141px, (min-width: 992px) 114px, (min-width: 768px) 78px, (min-width: 576px) 105px, calc( 50vw - 30px )\" aria-describedby=\"gallery-1-17925\" srcset=\"https:\/\/kirchenburgen.org\/wp-content\/uploads\/2023\/05\/05_SEK-Exkursion-23-150x150.jpg 150w, https:\/\/kirchenburgen.org\/wp-content\/uploads\/2023\/05\/05_SEK-Exkursion-23-510x510.jpg 510w\" \/>\r\n                        <\/div>\r\n                              <figcaption class='wp-caption-text gallery-caption' id='gallery-1-17925'>\r\n                              Sibiu \/ Hermannstadt\r\n                              <\/figcaption><\/figure><figure class='gallery-item col col-auto'>\r\n                        <div class='gallery-icon portrait czr-gallery-icon'>\r\n                              <a data-lb-type=\"grouped-gallery\" title=\"Sibiu \/ Hermannstadt\" href=https:\/\/kirchenburgen.org\/wp-content\/uploads\/2023\/05\/05_SEK-Exkursion-24-scaled.jpg class=\"bg-link\"><\/a><img loading=\"lazy\" decoding=\"async\" width=\"150\" height=\"150\" src=\"https:\/\/kirchenburgen.org\/wp-content\/uploads\/2023\/05\/05_SEK-Exkursion-24-150x150.jpg\" class=\"attachment-thumbnail size-thumbnail\" alt=\"\" sizes=\"auto, (min-width: 1200px) 141px, (min-width: 992px) 114px, (min-width: 768px) 78px, (min-width: 576px) 105px, calc( 50vw - 30px )\" aria-describedby=\"gallery-1-17928\" srcset=\"https:\/\/kirchenburgen.org\/wp-content\/uploads\/2023\/05\/05_SEK-Exkursion-24-150x150.jpg 150w, https:\/\/kirchenburgen.org\/wp-content\/uploads\/2023\/05\/05_SEK-Exkursion-24-510x510.jpg 510w\" \/>\r\n                        <\/div>\r\n                              <figcaption class='wp-caption-text gallery-caption' id='gallery-1-17928'>\r\n                              Sibiu \/ Hermannstadt\r\n                              <\/figcaption><\/figure><figure class='gallery-item col col-auto'>\r\n                        <div class='gallery-icon landscape czr-gallery-icon'>\r\n                              <a data-lb-type=\"grouped-gallery\" title=\"Cisn\u0103dioara \/ Michelsberg\" href=https:\/\/kirchenburgen.org\/wp-content\/uploads\/2023\/05\/05_SEK-Exkursion-25-scaled.jpg class=\"bg-link\"><\/a><img loading=\"lazy\" decoding=\"async\" width=\"150\" height=\"150\" src=\"https:\/\/kirchenburgen.org\/wp-content\/uploads\/2023\/05\/05_SEK-Exkursion-25-150x150.jpg\" class=\"attachment-thumbnail size-thumbnail\" alt=\"\" sizes=\"auto, (min-width: 1200px) 141px, (min-width: 992px) 114px, (min-width: 768px) 78px, (min-width: 576px) 105px, calc( 50vw - 30px )\" aria-describedby=\"gallery-1-17931\" srcset=\"https:\/\/kirchenburgen.org\/wp-content\/uploads\/2023\/05\/05_SEK-Exkursion-25-150x150.jpg 150w, https:\/\/kirchenburgen.org\/wp-content\/uploads\/2023\/05\/05_SEK-Exkursion-25-510x510.jpg 510w\" \/>\r\n                        <\/div>\r\n                              <figcaption class='wp-caption-text gallery-caption' id='gallery-1-17931'>\r\n                              Cisn\u0103dioara \/ Michelsberg\r\n                              <\/figcaption><\/figure><figure class='gallery-item col col-auto'>\r\n                        <div class='gallery-icon portrait czr-gallery-icon'>\r\n                              <a data-lb-type=\"grouped-gallery\" title=\"Cristian (SB) \/ Gro\u00dfau\" href=https:\/\/kirchenburgen.org\/wp-content\/uploads\/2023\/05\/05_SEK-Exkursion-26-scaled.jpg class=\"bg-link\"><\/a><img loading=\"lazy\" decoding=\"async\" width=\"150\" height=\"150\" src=\"https:\/\/kirchenburgen.org\/wp-content\/uploads\/2023\/05\/05_SEK-Exkursion-26-150x150.jpg\" class=\"attachment-thumbnail size-thumbnail\" alt=\"\" sizes=\"auto, (min-width: 1200px) 141px, (min-width: 992px) 114px, (min-width: 768px) 78px, (min-width: 576px) 105px, calc( 50vw - 30px )\" aria-describedby=\"gallery-1-17934\" srcset=\"https:\/\/kirchenburgen.org\/wp-content\/uploads\/2023\/05\/05_SEK-Exkursion-26-150x150.jpg 150w, https:\/\/kirchenburgen.org\/wp-content\/uploads\/2023\/05\/05_SEK-Exkursion-26-510x510.jpg 510w\" \/>\r\n                        <\/div>\r\n                              <figcaption class='wp-caption-text gallery-caption' id='gallery-1-17934'>\r\n                              Cristian (SB) \/ Gro\u00dfau\r\n                              <\/figcaption><\/figure><figure class='gallery-item col col-auto'>\r\n                        <div class='gallery-icon landscape czr-gallery-icon'>\r\n                              <a data-lb-type=\"grouped-gallery\" title=\"\u0218ura Cultural\u0103 Hosman \/ Kulturscheune Holzmengen\" href=https:\/\/kirchenburgen.org\/wp-content\/uploads\/2023\/05\/05_SEK-Exkursion-27-scaled.jpg class=\"bg-link\"><\/a><img loading=\"lazy\" decoding=\"async\" width=\"150\" height=\"150\" src=\"https:\/\/kirchenburgen.org\/wp-content\/uploads\/2023\/05\/05_SEK-Exkursion-27-150x150.jpg\" class=\"attachment-thumbnail size-thumbnail\" alt=\"\" sizes=\"auto, (min-width: 1200px) 141px, (min-width: 992px) 114px, (min-width: 768px) 78px, (min-width: 576px) 105px, calc( 50vw - 30px )\" aria-describedby=\"gallery-1-17937\" srcset=\"https:\/\/kirchenburgen.org\/wp-content\/uploads\/2023\/05\/05_SEK-Exkursion-27-150x150.jpg 150w, https:\/\/kirchenburgen.org\/wp-content\/uploads\/2023\/05\/05_SEK-Exkursion-27-510x510.jpg 510w\" \/>\r\n                        <\/div>\r\n                              <figcaption class='wp-caption-text gallery-caption' id='gallery-1-17937'>\r\n                              \u0218ura Cultural\u0103 Hosman \/ Kulturscheune Holzmengen\r\n                              <\/figcaption><\/figure>\r\n                  <\/div>\n\n<p>Datorit\u0103 explica\u021biilor ample \u0219i interesante din punct de vedere istorico-artistic oferite de Prof. Dr. Albrecht, au putut fi discutate multe detalii legate de elemente de mobilier sau elemente constructive ale bisericilor, sco\u021b\u00e2nd la iveal\u0103 adev\u0103rate \u201ccomori\u201d \u0219i elemente distinctive valoroase.<\/p>\n<p>Diversitatea \u0219i densitatea bisericilor fortificate s\u0103se\u0219ti din Transilvania au l\u0103sat o impresie profund\u0103 asupra oaspe\u021bilor germani. \u00cen timpul discu\u021biei de monitorizare din seara zilei de 26 aprilie \u00een biroul Funda\u021biei Biserici Fortificate, a devenit clar c\u0103, pentru majoritatea celor \u0219apte participan\u021bi nu va fi fost ultima vizit\u0103 \u00een &#8222;\u021aara Binecuv\u00e2nt\u0103rii&#8221;.<\/p>\n<p>Funda\u021bia Biserici Fortificate ar dori s\u0103 mul\u021bumeasc\u0103 tuturor asocia\u021biilor, funda\u021biilor, ini\u021biativelor, custozilor de castele, preo\u021bilor, parohiilor \u0219i persoanelor fizice din Transilvania care s-au implicat \u00een succesul acestei c\u0103l\u0103torii &#8211; ei sunt ambasadori extraordinari pentru bogatul nostru patrimoniu cultural. Datorit\u0103 lor, participan\u021bii au putut cunoa\u0219te \u0219i aprecia peisajul bisericilor fortificate, cultura, istoria, biodiversitatea, oferta culinar\u0103 \u0219i oamenii s\u0103i dedica\u021bi.<\/p>\n<p><em>Text: Stefan Bichler<\/em><\/p>\n","protected":false},"excerpt":{"rendered":"<p>Studen\u021bii din ultimul an al programului de masterat Protec\u021bia patrimoniului cultural european (SEK) al Universit\u0103\u021bii Europene Viadrina din Frankfurt\/Oder a fost \u00eentr-o excursie de o s\u0103pt\u0103m\u00e2n\u0103 prin bisericile fortificate la sf\u00e2r\u0219itul lunii aprilie 2023. Aceasta a fost cea de-a opta excursie educa\u021bional\u0103 de p\u00e2n\u0103 acum, pe care studen\u021bii SEK au \u00eentreprins-o prin Transilvania. Dup\u0103 o [&hellip;]<\/p>\n","protected":false},"author":5,"featured_media":17994,"comment_status":"closed","ping_status":"open","sticky":false,"template":"","format":"standard","meta":{"_acf_changed":false,"footnotes":""},"categories":[45,46,51,53],"tags":[],"class_list":{"0":"post-17948","1":"post","2":"type-post","3":"status-publish","4":"format-standard","5":"has-post-thumbnail","7":"category-biserici-fortificate","8":"category-fundatia","9":"category-toate-stirile","10":"category-turism-de-specialitate","11":"czr-hentry"},"acf":[],"_links":{"self":[{"href":"https:\/\/kirchenburgen.org\/ro\/wp-json\/wp\/v2\/posts\/17948","targetHints":{"allow":["GET"]}}],"collection":[{"href":"https:\/\/kirchenburgen.org\/ro\/wp-json\/wp\/v2\/posts"}],"about":[{"href":"https:\/\/kirchenburgen.org\/ro\/wp-json\/wp\/v2\/types\/post"}],"author":[{"embeddable":true,"href":"https:\/\/kirchenburgen.org\/ro\/wp-json\/wp\/v2\/users\/5"}],"replies":[{"embeddable":true,"href":"https:\/\/kirchenburgen.org\/ro\/wp-json\/wp\/v2\/comments?post=17948"}],"version-history":[{"count":6,"href":"https:\/\/kirchenburgen.org\/ro\/wp-json\/wp\/v2\/posts\/17948\/revisions"}],"predecessor-version":[{"id":18696,"href":"https:\/\/kirchenburgen.org\/ro\/wp-json\/wp\/v2\/posts\/17948\/revisions\/18696"}],"wp:featuredmedia":[{"embeddable":true,"href":"https:\/\/kirchenburgen.org\/ro\/wp-json\/wp\/v2\/media\/17994"}],"wp:attachment":[{"href":"https:\/\/kirchenburgen.org\/ro\/wp-json\/wp\/v2\/media?parent=17948"}],"wp:term":[{"taxonomy":"category","embeddable":true,"href":"https:\/\/kirchenburgen.org\/ro\/wp-json\/wp\/v2\/categories?post=17948"},{"taxonomy":"post_tag","embeddable":true,"href":"https:\/\/kirchenburgen.org\/ro\/wp-json\/wp\/v2\/tags?post=17948"}],"curies":[{"name":"wp","href":"https:\/\/api.w.org\/{rel}","templated":true}]}}