{"id":17964,"date":"2023-05-11T13:32:15","date_gmt":"2023-05-11T13:32:15","guid":{"rendered":"https:\/\/kirchenburgen.org\/?p=17964"},"modified":"2023-05-14T08:20:20","modified_gmt":"2023-05-14T08:20:20","slug":"ausstellungseroffnung-in-der-rumanischen-botschaft-in-finland","status":"publish","type":"post","link":"https:\/\/kirchenburgen.org\/ro\/ausstellungseroffnung-in-der-rumanischen-botschaft-in-finland\/","title":{"rendered":"Deschiderea expozi\u021biei despre bisericile fortificate din Transilvania \u0219i Scandinavia"},"content":{"rendered":"<p>La <strong>15 mai 2023, orele 17.00<\/strong>, la Muzeul de Cultur\u0103 \u0219i Istorie al Insulelor \u00c5land (<strong>\u00c5lands kulturhistoriska museum<\/strong>), ES Maria Ligor, ambasadorul Rom\u00e2niei \u00een Finlanda, \u0219i ES Konrad Arz von Straussenburg, ambasadorul Germaniei, vor deschide \u00eempreun\u0103 expozi\u021bia itinerant\u0103 \u201cCet\u0103\u021bi Biserice\u0219ti &#8211; Ap\u0103rare \u0219i Protec\u021bie &#8211; O expozi\u021bie despre bisericile fortificate din Transilvania \u0219i Scandinavia\u201d, realizat\u0103 de Funda\u021bia Biserici Fortificate din Sibiu \u00een colaborare cu Universitatea Tehnic\u0103 din Berlin \u0219i completat\u0103 de o sec\u021biune scandinav\u0103 care apar\u021bine Muzeului V\u00e4sterg\u00f6tlands din Skara, Suedia. La deschidere vor fi prezen\u021bi membri ai Parlamentului \u0219i ai guvernului autonom, reprezentan\u021bi ai mediilor de cultur\u0103 \u0219i academice, ai me<a href=\"https:\/\/kirchenburgen.org\/wp-content\/uploads\/2023\/05\/P1260323.jpg\"><img loading=\"lazy\" decoding=\"async\" class=\"wp-image-17968 alignleft\" src=\"https:\/\/kirchenburgen.org\/wp-content\/uploads\/2023\/05\/P1260323-300x225.jpg\" alt=\"\" width=\"364\" height=\"273\" \/><\/a>diului diplomatic, precum \u0219i ai comunit\u0103\u021bii de rom\u00e2ni stabili\u021bi \u00een arhipelag.<br \/>\nAceast\u0103 expozi\u021bie plin\u0103 de culoare poart\u0103 vizitatorii \u00een peisajul cultural unic al Transilvaniei, pentru o incursiune \u00een istoria multietnic\u0103 local\u0103, povestit\u0103 prin intermediul zestrei de biserici medievale fortificate. Cele circa 160 de ansambluri sunt o m\u0103rturie a mo\u0219tenirii arhitectonice inegalabile, \u00eentr-un mediu de convie\u021buire \u0219i civiliza\u021bie local\u0103, o bun\u0103 parte dintre ele fiind incluse \u00een lista patrimoniul cultural mondial UNESCO.<\/p>\n<p>Expozi\u021bia popose\u0219te la Mariehamn, capitala arhipelagului \u00c5land, unde va r\u0103m\u00e2ne deschis\u0103 publicului p\u00e2n\u0103 la 11 iunie 2023, dup\u0103 ce a mai fost prezentat\u0103 \u00een alte 25 de loca\u021bii din cinci \u021b\u0103ri printre care Austria, Germania \u0219i Suedia.<br \/>\n\u00cen Finlanda, dup\u0103 Mariehamn, expozi\u021bia va ajunge la Helsinki, unde va fi g\u0103zduit\u0103 de Biserica German\u0103 \u00een perioada 12 iunie \u2013 14 iulie 2023, la H\u00e4meenlinna, unde va putea fi vizitat\u0103 la Bibliotec Central\u0103 \u00een perioada 15 iulie \u2013 6 august 2023, \u0219i la Turku, de asemenea la Biblioteca Central\u0103, \u00eentre 8 \u0219i 31 august 2023.<\/p>\n<p>&nbsp;<\/p>\n<p>&nbsp;<\/p>\n<p>&nbsp;<\/p>\n","protected":false},"excerpt":{"rendered":"<p>La 15 mai 2023, orele 17.00, la Muzeul de Cultur\u0103 \u0219i Istorie al Insulelor \u00c5land (\u00c5lands kulturhistoriska museum), ES Maria Ligor, ambasadorul Rom\u00e2niei \u00een Finlanda, \u0219i ES Konrad Arz von Straussenburg, ambasadorul Germaniei, vor deschide \u00eempreun\u0103 expozi\u021bia itinerant\u0103 \u201cCet\u0103\u021bi Biserice\u0219ti &#8211; Ap\u0103rare \u0219i Protec\u021bie &#8211; O expozi\u021bie despre bisericile fortificate din Transilvania \u0219i Scandinavia\u201d, realizat\u0103 [&hellip;]<\/p>\n","protected":false},"author":5,"featured_media":17968,"comment_status":"closed","ping_status":"open","sticky":false,"template":"","format":"standard","meta":{"_acf_changed":false,"footnotes":""},"categories":[62,45,12,50,46,71,73,51],"tags":[],"class_list":{"0":"post-17964","1":"post","2":"type-post","3":"status-publish","4":"format-standard","5":"has-post-thumbnail","7":"category-alte","8":"category-biserici-fortificate","9":"category-evenimente-toate-stirile","10":"category-expozitie","11":"category-fundatia","12":"category-presamedia","13":"category-pressemedia-ro","14":"category-toate-stirile","15":"czr-hentry"},"acf":[],"_links":{"self":[{"href":"https:\/\/kirchenburgen.org\/ro\/wp-json\/wp\/v2\/posts\/17964","targetHints":{"allow":["GET"]}}],"collection":[{"href":"https:\/\/kirchenburgen.org\/ro\/wp-json\/wp\/v2\/posts"}],"about":[{"href":"https:\/\/kirchenburgen.org\/ro\/wp-json\/wp\/v2\/types\/post"}],"author":[{"embeddable":true,"href":"https:\/\/kirchenburgen.org\/ro\/wp-json\/wp\/v2\/users\/5"}],"replies":[{"embeddable":true,"href":"https:\/\/kirchenburgen.org\/ro\/wp-json\/wp\/v2\/comments?post=17964"}],"version-history":[{"count":4,"href":"https:\/\/kirchenburgen.org\/ro\/wp-json\/wp\/v2\/posts\/17964\/revisions"}],"predecessor-version":[{"id":17979,"href":"https:\/\/kirchenburgen.org\/ro\/wp-json\/wp\/v2\/posts\/17964\/revisions\/17979"}],"wp:featuredmedia":[{"embeddable":true,"href":"https:\/\/kirchenburgen.org\/ro\/wp-json\/wp\/v2\/media\/17968"}],"wp:attachment":[{"href":"https:\/\/kirchenburgen.org\/ro\/wp-json\/wp\/v2\/media?parent=17964"}],"wp:term":[{"taxonomy":"category","embeddable":true,"href":"https:\/\/kirchenburgen.org\/ro\/wp-json\/wp\/v2\/categories?post=17964"},{"taxonomy":"post_tag","embeddable":true,"href":"https:\/\/kirchenburgen.org\/ro\/wp-json\/wp\/v2\/tags?post=17964"}],"curies":[{"name":"wp","href":"https:\/\/api.w.org\/{rel}","templated":true}]}}