{"id":18784,"date":"2023-10-31T05:53:49","date_gmt":"2023-10-31T05:53:49","guid":{"rendered":"https:\/\/kirchenburgen.org\/wanderausstellung-kirchenburgen-in-stockholm\/"},"modified":"2023-11-06T13:35:16","modified_gmt":"2023-11-06T13:35:16","slug":"wanderausstellung-kirchenburgen-in-stockholm","status":"publish","type":"post","link":"https:\/\/kirchenburgen.org\/ro\/wanderausstellung-kirchenburgen-in-stockholm\/","title":{"rendered":"O expozi\u021bie despre bisericile fortificate din Rom\u00e2nia, vernisat\u0103 la ICR Stockholm"},"content":{"rendered":"<p>\u201eBiserici fortificate. Ap\u0103rare \u0219i protec\u021bie \u2013 o expozi\u021bie despre bisericile fortificate din Rom\u00e2nia, regiunea Transilvania\u201d va fi vernisat\u0103 <strong>vineri, 10 noiembrie 2023<\/strong>, de la ora <strong>16.00,<\/strong> la sediul ICR Stockholm, \u00een prezen\u021ba <strong>E.S. domnul Daniel Ioni\u021b\u0103<\/strong>, ambasadorul Rom\u00e2niei \u00een Regatul Suediei. La eveniment, vor participa <strong>Philipp Harfmann<\/strong>, curator al expozi\u021biei \u0219i director executiv al Funda\u021biei Biserici Fortificate din Transilvania, <strong>Luitgard L\u00f6w<\/strong>, director al Muzeului de istorie al regiunii V\u00e4sterg\u00f6tland, <strong>Robin Gullbrandsson<\/strong>, restaurator \u0219i arhivist \u00een cadrul muzeului V\u00e4sterg\u00f6tland din Skara (Suedia). Expozi\u021bia, \u00een limba englez\u0103 \u0219i francez\u0103, este organizat\u0103 de ICR Stockholm. \u00een parteneriat cu Funda\u021bia Biserici Fortificate din Transilvania, Muzeul de istorie al regiunii V\u00e4sterg\u00f6tland, Ambasada Rom\u00e2niei \u00een Regatul Suediei \u0219i Ambasada Germaniei \u00een Regatul Suediei.<\/p>\n<p><a href=\"https:\/\/kirchenburgen.org\/wp-content\/uploads\/2023\/10\/Invitation-for-10.11.2023.jpg\"><img loading=\"lazy\" decoding=\"async\" class=\"aligncenter size-full wp-image-18773\" src=\"https:\/\/kirchenburgen.org\/wp-content\/uploads\/2023\/10\/Invitation-for-10.11.2023.jpg\" alt=\"\" width=\"1024\" height=\"471\" srcset=\"https:\/\/kirchenburgen.org\/wp-content\/uploads\/2023\/10\/Invitation-for-10.11.2023.jpg 1024w, https:\/\/kirchenburgen.org\/wp-content\/uploads\/2023\/10\/Invitation-for-10.11.2023-300x138.jpg 300w\" sizes=\"auto, (max-width: 1024px) 100vw, 1024px\" \/><\/a><\/p>\n<p>\u201eBiserici fortificate. Ap\u0103rare \u0219i protec\u021bie \u2013 o expozi\u021bie despre bisericile fortificate din Rom\u00e2nia\u201d \u00a0va cuprinde peste 25 de bannere rulante, cu panouri, pline de culoare, de peste doi metri \u00een\u0103l\u021bime. Acestea vor prezenta peisajul mitic al Transilvaniei, \u00een care numeroase grupuri etnice au coexistat de-a lungul timpului \u0219i unde se afl\u0103 cea mai mare concentra\u021bie de biserici medievale din Europa. \u00cen prezent, \u00een jur de 150 de biserici fortificate se afl\u0103 \u00een zona rural\u0103 a Transilvaniei, dintre care \u0219apte au primit statutul de patrimoniu mondial UNESCO \u00een 1993.<\/p>\n<p>Expozi\u021bia prezint\u0103 informa\u021bii despre istoria bisericilor fortificate din Rom\u00e2nia, regiunea Transilvania \u0219i \u00eencearc\u0103 s\u0103 creeze o paralel\u0103 cu bisericile fortificate din Scandinavia, din regiunile \u00d6land \u0219i Bornholm, unde se reg\u0103sesc, de asemenea, cet\u0103\u021bi fortificate.<\/p>\n<p>\u201eBiserici fortificate. Ap\u0103rare \u0219i protec\u021bie \u2013 o expozi\u021bie despre bisericile fortificate din Rom\u00e2nia\u201d\u00a0include o sec\u021biune scandinav\u0103, realizat\u0103 \u00een colaborare cu V\u00e4sterg\u00f6tland Museum.\u00a0 Pentru a eviden\u021bia aceast\u0103 paralel\u0103 cu spa\u021biul scandinav,\u00a0 ICR Stockholm va g\u0103zdui pe data <strong>20 noiembrie 2023<\/strong>, de la <strong>ora 18.00<\/strong>, o\u00a0 prelegere public\u0103 sus\u021binut\u0103 de cercet\u0103torul <strong>Robin Gullbrandsson,<\/strong> intitulat\u0103 <strong>\u201eFortress of Faith &#8211; Fortified churches in Romania and Scandinavia\/ Cet\u0103\u021bile credin\u021bei &#8211; bisericile fortificate din \u00a0Rom\u00e2nia \u0219i Scandinavia\u201f<\/strong>.<\/p>\n<p>\u201eBiserici fortificate. Ap\u0103rare \u0219i protec\u021bie \u2013 o expozi\u021bie despre bisericile fortificate din Rom\u00e2nia\u201d va r\u0103m\u00e2ne deschis\u0103 p\u00e2n\u0103 pe 8 decembrie 2023 \u00een galeria ICR Stockholm.<\/p>\n<p><em>Text: Simona Chitan<\/em><\/p>\n<p><a href=\"https:\/\/kirchenburgen.org\/wp-content\/uploads\/2023\/10\/afis-Stockholm-corect-691x1024.jpg\"><img loading=\"lazy\" decoding=\"async\" class=\"aligncenter wp-image-18799 size-large\" src=\"https:\/\/kirchenburgen.org\/wp-content\/uploads\/2023\/10\/afis-Stockholm-corect-691x1024.jpg\" alt=\"\" width=\"691\" height=\"1024\" srcset=\"https:\/\/kirchenburgen.org\/wp-content\/uploads\/2023\/10\/afis-Stockholm-corect-691x1024.jpg 691w, https:\/\/kirchenburgen.org\/wp-content\/uploads\/2023\/10\/afis-Stockholm-corect-203x300.jpg 203w, https:\/\/kirchenburgen.org\/wp-content\/uploads\/2023\/10\/afis-Stockholm-corect-1037x1536.jpg 1037w, https:\/\/kirchenburgen.org\/wp-content\/uploads\/2023\/10\/afis-Stockholm-corect.jpg 1080w\" sizes=\"auto, (max-width: 691px) 100vw, 691px\" \/><\/a><\/p>\n","protected":false},"excerpt":{"rendered":"<p>\u201eBiserici fortificate. Ap\u0103rare \u0219i protec\u021bie \u2013 o expozi\u021bie despre bisericile fortificate din Rom\u00e2nia, regiunea Transilvania\u201d va fi vernisat\u0103 vineri, 10 noiembrie 2023, de la ora 16.00, la sediul ICR Stockholm, \u00een prezen\u021ba E.S. domnul Daniel Ioni\u021b\u0103, ambasadorul Rom\u00e2niei \u00een Regatul Suediei. La eveniment, vor participa Philipp Harfmann, curator al expozi\u021biei \u0219i director executiv al Funda\u021biei [&hellip;]<\/p>\n","protected":false},"author":5,"featured_media":18778,"comment_status":"closed","ping_status":"open","sticky":false,"template":"","format":"standard","meta":{"_acf_changed":false,"footnotes":""},"categories":[12,50,46,51],"tags":[],"class_list":{"0":"post-18784","1":"post","2":"type-post","3":"status-publish","4":"format-standard","5":"has-post-thumbnail","7":"category-evenimente-toate-stirile","8":"category-expozitie","9":"category-fundatia","10":"category-toate-stirile","11":"czr-hentry"},"acf":[],"_links":{"self":[{"href":"https:\/\/kirchenburgen.org\/ro\/wp-json\/wp\/v2\/posts\/18784","targetHints":{"allow":["GET"]}}],"collection":[{"href":"https:\/\/kirchenburgen.org\/ro\/wp-json\/wp\/v2\/posts"}],"about":[{"href":"https:\/\/kirchenburgen.org\/ro\/wp-json\/wp\/v2\/types\/post"}],"author":[{"embeddable":true,"href":"https:\/\/kirchenburgen.org\/ro\/wp-json\/wp\/v2\/users\/5"}],"replies":[{"embeddable":true,"href":"https:\/\/kirchenburgen.org\/ro\/wp-json\/wp\/v2\/comments?post=18784"}],"version-history":[{"count":3,"href":"https:\/\/kirchenburgen.org\/ro\/wp-json\/wp\/v2\/posts\/18784\/revisions"}],"predecessor-version":[{"id":18802,"href":"https:\/\/kirchenburgen.org\/ro\/wp-json\/wp\/v2\/posts\/18784\/revisions\/18802"}],"wp:featuredmedia":[{"embeddable":true,"href":"https:\/\/kirchenburgen.org\/ro\/wp-json\/wp\/v2\/media\/18778"}],"wp:attachment":[{"href":"https:\/\/kirchenburgen.org\/ro\/wp-json\/wp\/v2\/media?parent=18784"}],"wp:term":[{"taxonomy":"category","embeddable":true,"href":"https:\/\/kirchenburgen.org\/ro\/wp-json\/wp\/v2\/categories?post=18784"},{"taxonomy":"post_tag","embeddable":true,"href":"https:\/\/kirchenburgen.org\/ro\/wp-json\/wp\/v2\/tags?post=18784"}],"curies":[{"name":"wp","href":"https:\/\/api.w.org\/{rel}","templated":true}]}}