{"id":4697,"date":"2017-03-17T08:16:44","date_gmt":"2017-03-17T08:16:44","guid":{"rendered":"http:\/\/kirchenburgen.org\/ro\/glockenturm-belleschdorf-kleiner-eingriff-grosse-wirkung\/"},"modified":"2017-05-09T10:19:48","modified_gmt":"2017-05-09T10:19:48","slug":"glockenturm-belleschdorf-kleiner-eingriff-grosse-wirkung","status":"publish","type":"post","link":"https:\/\/kirchenburgen.org\/ro\/glockenturm-belleschdorf-kleiner-eingriff-grosse-wirkung\/","title":{"rendered":"Turnul-clopotni\u021b\u0103 din Idiciu: interven\u021bie minor\u0103 \u2013 impact mare!"},"content":{"rendered":"<p>Printr-o m\u0103sur\u0103 de urgen\u021b\u0103 din cadrul programului pentru recondi\u021bionarea acoperi\u0219urilor, Funda\u021bia Biserici Fortificate a reparat turnul-clopotni\u021b\u0103 al bisericii evanghelice din Idiciu. Motivul acestei decizii a fost pr\u0103bu<a href=\"http:\/\/kirchenburgen.org\/wp-content\/uploads\/2017\/03\/IMG_20161123_150103-2.jpg\" rel=\"attachment wp-att-4668\"><img loading=\"lazy\" decoding=\"async\" class=\"alignleft wp-image-4668 size-medium\" src=\"http:\/\/kirchenburgen.org\/wp-content\/uploads\/2017\/03\/IMG_20161123_150103-2-169x300.jpg\" alt=\"Glockenturm - nach der Dachreparatur\" width=\"169\" height=\"300\" srcset=\"https:\/\/kirchenburgen.org\/wp-content\/uploads\/2017\/03\/IMG_20161123_150103-2-169x300.jpg 169w, https:\/\/kirchenburgen.org\/wp-content\/uploads\/2017\/03\/IMG_20161123_150103-2-576x1024.jpg 576w, https:\/\/kirchenburgen.org\/wp-content\/uploads\/2017\/03\/IMG_20161123_150103-2.jpg 1080w\" sizes=\"auto, (max-width: 169px) 100vw, 169px\" \/><\/a>\u0219irea acoperi\u0219ului bisericii \u00een prim\u0103vara anului 2016.<\/p>\n<p>Primele lucr\u0103ri de salvare \u00eentreprinse de prim\u0103ria din Sighi\u0219oara au asigurat doar o consolidare provizorie a ruinei. Totu\u0219i, la acoperi\u0219ul turnului, construit \u00een anul 1927, era nevoie de o interven\u021bie major\u0103. Din acest motiv, Funda\u021bia Biserici Fortificate a luat decizia de a se implica.<a href=\"http:\/\/kirchenburgen.org\/wp-content\/uploads\/2017\/03\/Felldorf-Arcus_logo.jpg\" rel=\"http:\/\/www.monumenta.ro\/ro\/\"><img loading=\"lazy\" decoding=\"async\" class=\"alignright wp-image-4683 size-full\" src=\"http:\/\/kirchenburgen.org\/wp-content\/uploads\/2017\/03\/Felldorf-Arcus_logo.jpg\" alt=\"ATELIER MONUMENTA TRANSSYLVANIAE WERKSTATT FILITELNIC \/ FELLDORF\" width=\"135\" height=\"135\" srcset=\"https:\/\/kirchenburgen.org\/wp-content\/uploads\/2017\/03\/Felldorf-Arcus_logo.jpg 135w, https:\/\/kirchenburgen.org\/wp-content\/uploads\/2017\/03\/Felldorf-Arcus_logo-45x45.jpg 45w\" sizes=\"auto, (max-width: 135px) 100vw, 135px\" \/><\/a><\/p>\n<p>Un sprijin considerabil a fost acordat de \u201eMonumenta Transsylvaniae Atelier Filitelnic\u201d, o subsidiar\u0103 a asocia\u021biei ARCUS, care a efectuat \u0219i evalu\u0103rile preliminare \u0219i a elaborat un raport sumar.<\/p>\n<p>La mijlocul lunii martie s-au \u00eencheiat lucr\u0103rile de repara\u021bii ale acoperi\u0219ului greu accesibil al turnului-clopotni\u021b\u0103 \u2013 mul\u021bumiri \u0219i recuno\u0219tin\u021b\u0103 tuturor contributorilor \u0219i donatorilor!<\/p>\n<p><a href=\"http:\/\/kirchenburgen.org\/wp-content\/uploads\/2017\/03\/DSC_0123.jpg\" rel=\"attachment wp-att-4680\"><img loading=\"lazy\" decoding=\"async\" class=\"alignleft wp-image-4680 size-medium\" src=\"http:\/\/kirchenburgen.org\/wp-content\/uploads\/2017\/03\/DSC_0123-300x201.jpg\" alt=\"L\u00f6cher im Dach des Glocketurms\" width=\"300\" height=\"201\" srcset=\"https:\/\/kirchenburgen.org\/wp-content\/uploads\/2017\/03\/DSC_0123-300x201.jpg 300w, https:\/\/kirchenburgen.org\/wp-content\/uploads\/2017\/03\/DSC_0123-1024x685.jpg 1024w\" sizes=\"auto, (max-width: 300px) 100vw, 300px\" \/><\/a>Lucr\u0103rile au fost finan\u021bate din fondurile provenite de la Asocia\u021bia german\u0103 non-profit care sprijin\u0103 Funda\u021bia Biserici Fortificate. Suntem foarte recunosc\u0103tori pentru dona\u021bia unui grup organizat din cadrul asocia\u021biei Gustav Adolf a Bisericii Evanghelice Berlin-Brandenburg-Lusa\u021bia Superioar\u0103 silezian\u0103 (schlesische Oberlausitz), din ianuarie 2017, precum \u0219i cea a unui donator particular, care sus\u021bine \u00een mod regulat proiecte de conservare a bisericilor fortificate.<\/p>\n<p><a href=\"http:\/\/kirchenburgen.org\/wp-content\/uploads\/2017\/03\/DSC_0068.jpg\" rel=\"attachment wp-att-4677\"><img loading=\"lazy\" decoding=\"async\" class=\"wp-image-4677 size-medium alignleft\" src=\"http:\/\/kirchenburgen.org\/wp-content\/uploads\/2017\/03\/DSC_0068-300x201.jpg\" alt=\"Dachsch\u00e4de von Au\u00dfen\" width=\"300\" height=\"201\" srcset=\"https:\/\/kirchenburgen.org\/wp-content\/uploads\/2017\/03\/DSC_0068-300x201.jpg 300w, https:\/\/kirchenburgen.org\/wp-content\/uploads\/2017\/03\/DSC_0068-1024x685.jpg 1024w\" sizes=\"auto, (max-width: 300px) 100vw, 300px\" \/><\/a>Funda\u021bia Biserici Fortificate apreciaz\u0103 \u00een mod deosebit disponibilitatea persoanelor individuale, a grupurilor interesate sau a organiza\u021biilor partenere de a prelua responsabilitatea pentru acest edificiu sau pentru alte biserici fortificate. \u00cen cazul \u00een care exist\u0103 interes \u00een acest sens, v\u0103 rug\u0103m s\u0103 contacta\u021bi biroul Funda\u021biei Biserici Fortificate.<\/p>\n<p>&nbsp;<\/p>\n<p>&nbsp;<\/p>\n<p><a href=\"http:\/\/kirchenburgen.org\/wp-content\/uploads\/2017\/03\/IMG_20170224_125721-2.jpg\" rel=\"attachment wp-att-4674\"><img loading=\"lazy\" decoding=\"async\" class=\"wp-image-4674 size-medium alignleft\" src=\"http:\/\/kirchenburgen.org\/wp-content\/uploads\/2017\/03\/IMG_20170224_125721-2-169x300.jpg\" alt=\"Reparaturarbeiten\" width=\"169\" height=\"300\" srcset=\"https:\/\/kirchenburgen.org\/wp-content\/uploads\/2017\/03\/IMG_20170224_125721-2-169x300.jpg 169w, https:\/\/kirchenburgen.org\/wp-content\/uploads\/2017\/03\/IMG_20170224_125721-2-576x1024.jpg 576w, https:\/\/kirchenburgen.org\/wp-content\/uploads\/2017\/03\/IMG_20170224_125721-2.jpg 1080w\" sizes=\"auto, (max-width: 169px) 100vw, 169px\" \/><\/a><\/p>\n<p>&nbsp;<\/p>\n<p>&nbsp;<\/p>\n<p>&nbsp;<\/p>\n<p>&nbsp;<\/p>\n<p>&nbsp;<\/p>\n<p>&nbsp;<\/p>\n<p>&nbsp;<\/p>\n","protected":false},"excerpt":{"rendered":"<p>Printr-o m\u0103sur\u0103 de urgen\u021b\u0103 din cadrul programului pentru recondi\u021bionarea acoperi\u0219urilor, Funda\u021bia Biserici Fortificate a reparat turnul-clopotni\u021b\u0103 al bisericii evanghelice din Idiciu. Motivul acestei decizii a fost pr\u0103bu\u0219irea acoperi\u0219ului bisericii \u00een prim\u0103vara anului 2016. Primele lucr\u0103ri de salvare \u00eentreprinse de prim\u0103ria din Sighi\u0219oara au asigurat doar o consolidare provizorie a ruinei. Totu\u0219i, la acoperi\u0219ul turnului, construit [&hellip;]<\/p>\n","protected":false},"author":5,"featured_media":4673,"comment_status":"open","ping_status":"open","sticky":false,"template":"","format":"standard","meta":{"_acf_changed":false,"footnotes":""},"categories":[51],"tags":[],"class_list":{"0":"post-4697","1":"post","2":"type-post","3":"status-publish","4":"format-standard","5":"has-post-thumbnail","7":"category-toate-stirile","8":"czr-hentry"},"acf":[],"_links":{"self":[{"href":"https:\/\/kirchenburgen.org\/ro\/wp-json\/wp\/v2\/posts\/4697","targetHints":{"allow":["GET"]}}],"collection":[{"href":"https:\/\/kirchenburgen.org\/ro\/wp-json\/wp\/v2\/posts"}],"about":[{"href":"https:\/\/kirchenburgen.org\/ro\/wp-json\/wp\/v2\/types\/post"}],"author":[{"embeddable":true,"href":"https:\/\/kirchenburgen.org\/ro\/wp-json\/wp\/v2\/users\/5"}],"replies":[{"embeddable":true,"href":"https:\/\/kirchenburgen.org\/ro\/wp-json\/wp\/v2\/comments?post=4697"}],"version-history":[{"count":3,"href":"https:\/\/kirchenburgen.org\/ro\/wp-json\/wp\/v2\/posts\/4697\/revisions"}],"predecessor-version":[{"id":4713,"href":"https:\/\/kirchenburgen.org\/ro\/wp-json\/wp\/v2\/posts\/4697\/revisions\/4713"}],"wp:featuredmedia":[{"embeddable":true,"href":"https:\/\/kirchenburgen.org\/ro\/wp-json\/wp\/v2\/media\/4673"}],"wp:attachment":[{"href":"https:\/\/kirchenburgen.org\/ro\/wp-json\/wp\/v2\/media?parent=4697"}],"wp:term":[{"taxonomy":"category","embeddable":true,"href":"https:\/\/kirchenburgen.org\/ro\/wp-json\/wp\/v2\/categories?post=4697"},{"taxonomy":"post_tag","embeddable":true,"href":"https:\/\/kirchenburgen.org\/ro\/wp-json\/wp\/v2\/tags?post=4697"}],"curies":[{"name":"wp","href":"https:\/\/api.w.org\/{rel}","templated":true}]}}