{"id":9306,"date":"2019-01-14T10:49:09","date_gmt":"2019-01-14T10:49:09","guid":{"rendered":"http:\/\/kirchenburgen.org\/ro\/?p=9306"},"modified":"2019-01-30T15:59:05","modified_gmt":"2019-01-30T15:59:05","slug":"hosman-biserica-fortificata-ia-cuvantul","status":"publish","type":"post","link":"https:\/\/kirchenburgen.org\/ro\/hosman-biserica-fortificata-ia-cuvantul\/","title":{"rendered":"Hosman \u2013 Biserica fortificat\u0103 ia cuv\u00e2ntul"},"content":{"rendered":"<p><span style=\"font-weight: 400;\">Doamnelor \u0219i domnilor, stima\u021bi concet\u0103\u021beni,<\/span><\/p>\n<p><span style=\"font-weight: 400;\">Trebuie s\u0103 v\u0103 spun: experien\u021bele prin care trece o biseric\u0103 fortificat\u0103 sunt un lucru curios: timp de secole stai neclintit \u00een istoria lumii \u0219i tot felul de vizitatori bizari \u00ee\u021bi fac c\u00e2te o vizit\u0103. Nu i-am invitat, dar ei totu\u0219i au venit. Majoritatea oaspe\u021bilor vin neinvita\u021bi, se \u00een\u021belege, ceea ce constituie o catastrof\u0103 \u2013 deoarece, ca cetate, ai nevoie, prin natura lucrurilor, de protec\u021bie \u0219i de lini\u0219te. Prea pu\u021bin dintre acestea \u00eemi perturb\u0103 echilibrul, pe de alt\u0103 parte, prea mult\u0103 lini\u0219te nu este de dorit, pentru c\u0103 \u00eemi apar fisuri. V\u0103 vorbesc din experien\u021b\u0103 atunci c\u00e2nd v\u0103 spun c\u0103 aceste multe secole prin care am trecut nu sunt bune pentru s\u0103n\u0103tatea mea. <\/span><\/p>\n<p><span style=\"font-weight: 400;\">Dar s\u0103 \u00eencepem cu \u00eenceputul: totul \u00eencepuse minunat, p\u00e2n\u0103 c\u00e2nd a trecut pe aici acel Vlad \u021aepe\u0219: este prima \u00eent\u00e2mplare de care \u00eemi pot aduce aminte din tinere\u021bea mea. A venit aici \u00een 1456 \u0219i, mai \u00eent\u00e2i, a incendiat totul. O impertinen\u021b\u0103, dac\u0103 m\u0103 \u00eentreba\u021bi pe mine \u2013 din perspectiva mea cet\u0103\u021beneasc\u0103. Dar, ca t\u00e2n\u0103r\u0103 cetate, \u00eenc\u0103 mai ai nervi s\u0103-i po\u021bi suporta pe ace\u0219ti oameni r\u0103uvoitori cu ac\u021biunile lor stranii. Cu timpul, \u00eens\u0103, te las\u0103 nervii.<\/span><\/p>\n<p><span style=\"font-weight: 400;\">Ce pot s\u0103 v\u0103 mai povestesc? \u0218i Mihai Viteazul a b\u00e2ntuit pe aici \u2013 datorit\u0103 lui a ars cetatea bisericii \u00een 1601 \u2013 ce infamie! \u0218i apoi acea invazie de l\u0103custe care a avut loc acum 191 de ani \u2013 \u00eenc\u0103 \u00eemi aduc aminte cu exactitate \u2013 c\u0103ci o biseric\u0103 fortificat\u0103 nu uit\u0103 nimic.<\/span><\/p>\n<p><span style=\"font-weight: 400;\">\u00cen ultima vreme, m\u0103 refer la perioada de la \u00eenceputul anilor &#8217;90 \u00eencoace, care pentru mine a trecut \u00eentr-o clipit\u0103, au avut loc alte ciud\u0103\u021benii. Acestea \u00eemi sunt \u00eens\u0103 mult mai dragi dec\u00e2t acele personaje istorice trec\u0103toare pline de du\u0219m\u0103nie, care mi-au perturbat lini\u0219tea. Dar, trebuie s\u0103 v\u0103 povestesc ce mi s-a \u00eent\u00e2mplat de cur\u00e2nd: pentru prima oar\u0103, \u00een interiorul zidurilor mele a avut loc un t\u00e2rg tradi\u021bional de Cr\u0103ciun \u2013 cu standuri colorate, cu mul\u021bi oameni, cu voie bun\u0103 \u0219i mult\u0103 muzic\u0103: am avut ca oaspe\u021bi o fanfar\u0103 \u0219i un cor de fete care au c\u00e2ntat colinde. Mi-a fost dat s\u0103 asist chiar la o reprezentare pe viu a Na\u0219terii lui Iisus. M-am bucurat de copii mul\u021bi, pu\u0219i pe \u0219otii, care s-au tav\u0103lit r\u00e2z\u00e2nd \u00een z\u0103pad\u0103 sau s-au jucat de-a v-a\u021bi ascunselea printre zidurile mele. A fost, oricum, mult mai bine dec\u00e2t la trecerea hoardelor migratoare care jefuiau \u0219i distrugeau.<\/span><\/p>\n<p><img loading=\"lazy\" decoding=\"async\" class=\"size-full wp-image-9213 alignnone\" src=\"http:\/\/kirchenburgen.org\/wp-content\/uploads\/2019\/01\/46498123_2116000961797108_3513805451726684160_n.jpg\" alt=\"46498123_2116000961797108_3513805451726684160_n\" width=\"960\" height=\"720\" \/><\/p>\n<p><span style=\"font-weight: 400;\">\u00cen acest sens \u0219i cu cele mai c\u0103lduroase g\u00e2nduri de bine pentru copii, v\u0103 doresc dumneavoastr\u0103, doamnelor \u0219i domnilor, dar \u0219i tuturor cet\u0103\u021bilor din Transilvania un An Nou binecuv\u00e2ntat. Pentru urm\u0103torii 700 de ani!<\/span><\/p>\n<p><em><span style=\"font-weight: 400;\">Text: Aurelia Brecht<\/span><\/em><\/p>\n","protected":false},"excerpt":{"rendered":"<p>Doamnelor \u0219i domnilor, stima\u021bi concet\u0103\u021beni, Trebuie s\u0103 v\u0103 spun: experien\u021bele prin care trece o biseric\u0103 fortificat\u0103 sunt un lucru curios: timp de secole stai neclintit \u00een istoria lumii \u0219i tot felul de vizitatori bizari \u00ee\u021bi fac c\u00e2te o vizit\u0103. Nu i-am invitat, dar ei totu\u0219i au venit. Majoritatea oaspe\u021bilor vin neinvita\u021bi, se \u00een\u021belege, ceea ce [&hellip;]<\/p>\n","protected":false},"author":2,"featured_media":9215,"comment_status":"closed","ping_status":"open","sticky":false,"template":"","format":"standard","meta":{"_acf_changed":false,"footnotes":""},"categories":[68],"tags":[],"class_list":{"0":"post-9306","1":"post","2":"type-post","3":"status-publish","4":"format-standard","5":"has-post-thumbnail","7":"category-focusul-lunii","8":"czr-hentry"},"acf":[],"_links":{"self":[{"href":"https:\/\/kirchenburgen.org\/ro\/wp-json\/wp\/v2\/posts\/9306","targetHints":{"allow":["GET"]}}],"collection":[{"href":"https:\/\/kirchenburgen.org\/ro\/wp-json\/wp\/v2\/posts"}],"about":[{"href":"https:\/\/kirchenburgen.org\/ro\/wp-json\/wp\/v2\/types\/post"}],"author":[{"embeddable":true,"href":"https:\/\/kirchenburgen.org\/ro\/wp-json\/wp\/v2\/users\/2"}],"replies":[{"embeddable":true,"href":"https:\/\/kirchenburgen.org\/ro\/wp-json\/wp\/v2\/comments?post=9306"}],"version-history":[{"count":3,"href":"https:\/\/kirchenburgen.org\/ro\/wp-json\/wp\/v2\/posts\/9306\/revisions"}],"predecessor-version":[{"id":9353,"href":"https:\/\/kirchenburgen.org\/ro\/wp-json\/wp\/v2\/posts\/9306\/revisions\/9353"}],"wp:featuredmedia":[{"embeddable":true,"href":"https:\/\/kirchenburgen.org\/ro\/wp-json\/wp\/v2\/media\/9215"}],"wp:attachment":[{"href":"https:\/\/kirchenburgen.org\/ro\/wp-json\/wp\/v2\/media?parent=9306"}],"wp:term":[{"taxonomy":"category","embeddable":true,"href":"https:\/\/kirchenburgen.org\/ro\/wp-json\/wp\/v2\/categories?post=9306"},{"taxonomy":"post_tag","embeddable":true,"href":"https:\/\/kirchenburgen.org\/ro\/wp-json\/wp\/v2\/tags?post=9306"}],"curies":[{"name":"wp","href":"https:\/\/api.w.org\/{rel}","templated":true}]}}